
{"id":4263,"date":"2023-03-03T16:58:59","date_gmt":"2023-03-03T15:58:59","guid":{"rendered":"https:\/\/vogt.arch.ethz.ch\/territorium-der-stadt-venedig\/"},"modified":"2023-03-03T16:58:59","modified_gmt":"2023-03-03T15:58:59","slug":"territorium-der-stadt-venedig","status":"publish","type":"post","link":"https:\/\/vogt.arch.ethz.ch\/en\/territorium-der-stadt-venedig\/","title":{"rendered":"Territorium der Stadt: Venedig"},"content":{"rendered":"<p>Die Wahlfachreihe \u00abTerritorium der Stadt: Landschaft als Ressource\u00bb befasst sich mit aktuellen Transformationsprozessen metropolitaner Landschaften in Europa und f\u00fchrt in das landschaftsarchitektonische Entwerfen im territorialen Massstab ein. Auf Basis eines Fieldtrips und kartografischer Analysen mittels GIS erarbeiten die Studierenden konkrete Strategien f\u00fcr die Entwicklung urbaner Landschaftsr\u00e4ume in unterschiedlichen geografischen Kontexten.<\/p>\n<p>Im Fr\u00fchjahrssemester 2023 fokussiert der Kurs auf die Lagune von Venedig, die sich \u00fcber 550km2 rund um die Inselstadt erstreckt. <a href=\"https:\/\/vogt.arch.ethz.ch\/en\/wahlfach\/territorium-der-stadt-venedig\/\" target=\"_blank\" rel=\"noopener\">Weitere Informationen zum Wahlfach<\/a><\/p>\n","protected":false},"excerpt":{"rendered":"<p>Die Wahlfachreihe \u00abTerritorium der Stadt: Landschaft als Ressource\u00bb befasst sich mit aktuellen Transformationsprozessen metropolitaner Landschaften in Europa und f\u00fchrt in das landschaftsarchitektonische Entwerfen im territorialen Massstab ein. Auf Basis eines Fieldtrips und kartografischer Analysen mittels GIS erarbeiten die Studierenden konkrete Strategien f\u00fcr die Entwicklung urbaner Landschaftsr\u00e4ume in unterschiedlichen geografischen Kontexten. Im Fr\u00fchjahrssemester 2023 fokussiert der . . . <\/p>\n<p><a href=\"https:\/\/vogt.arch.ethz.ch\/en\/territorium-der-stadt-venedig\/\" title=\"Territorium der Stadt: Venedig\">Read More<\/a><\/p>\n","protected":false},"author":3,"featured_media":4255,"comment_status":"closed","ping_status":"open","sticky":false,"template":"","format":"standard","meta":{"_acf_changed":false,"footnotes":""},"categories":[20],"tags":[],"class_list":["post-4263","post","type-post","status-publish","format-standard","has-post-thumbnail","hentry","category-aktuell-en"],"acf":[],"_links":{"self":[{"href":"https:\/\/vogt.arch.ethz.ch\/en\/wp-json\/wp\/v2\/posts\/4263","targetHints":{"allow":["GET"]}}],"collection":[{"href":"https:\/\/vogt.arch.ethz.ch\/en\/wp-json\/wp\/v2\/posts"}],"about":[{"href":"https:\/\/vogt.arch.ethz.ch\/en\/wp-json\/wp\/v2\/types\/post"}],"author":[{"embeddable":true,"href":"https:\/\/vogt.arch.ethz.ch\/en\/wp-json\/wp\/v2\/users\/3"}],"replies":[{"embeddable":true,"href":"https:\/\/vogt.arch.ethz.ch\/en\/wp-json\/wp\/v2\/comments?post=4263"}],"version-history":[{"count":0,"href":"https:\/\/vogt.arch.ethz.ch\/en\/wp-json\/wp\/v2\/posts\/4263\/revisions"}],"wp:featuredmedia":[{"embeddable":true,"href":"https:\/\/vogt.arch.ethz.ch\/en\/wp-json\/wp\/v2\/media\/4255"}],"wp:attachment":[{"href":"https:\/\/vogt.arch.ethz.ch\/en\/wp-json\/wp\/v2\/media?parent=4263"}],"wp:term":[{"taxonomy":"category","embeddable":true,"href":"https:\/\/vogt.arch.ethz.ch\/en\/wp-json\/wp\/v2\/categories?post=4263"},{"taxonomy":"post_tag","embeddable":true,"href":"https:\/\/vogt.arch.ethz.ch\/en\/wp-json\/wp\/v2\/tags?post=4263"}],"curies":[{"name":"wp","href":"https:\/\/api.w.org\/{rel}","templated":true}]}}